{"id":45755,"date":"2024-04-30T10:42:12","date_gmt":"2024-04-30T09:42:12","guid":{"rendered":"https:\/\/venfilter.es\/?p=45755"},"modified":"2026-02-20T09:55:19","modified_gmt":"2026-02-20T08:55:19","slug":"decarbonisation-filtracion-air-net-zero","status":"publish","type":"post","link":"https:\/\/venfilter.es\/fr\/decarbonisation-filtracion-air-net-zero\/","title":{"rendered":"D\u00e9carbonisation et filtration, strat\u00e9gies pour atteindre le Net Zero"},"content":{"rendered":"\n<div class=\"wp-block-group\"><div class=\"wp-block-group__inner-container is-layout-constrained wp-block-group-is-layout-constrained\">\n<h3><span style=\"color: #00589b\">&nbsp;<\/span><\/h3>\n\n\n\n<h3 class=\"has-text-color\" style=\"color: #00589b\"><strong>Le d\u00e9fi du changement climatique et la n\u00e9cessit\u00e9 d&rsquo;agir<\/strong><\/h3>\n<p>Le changement climatique repr\u00e9sente l&rsquo;un des d\u00e9fis environnementaux les plus importants de ces derni\u00e8res d\u00e9cennies, et les pr\u00e9occupations sociales \u00e0 ce sujet ne cessent de cro\u00eetre d&rsquo;ann\u00e9e en ann\u00e9e. Des \u00e9tudes scientifiques ont confirm\u00e9 qu&rsquo;il est essentiel de limiter l&rsquo;augmentation de la temp\u00e9rature \u00e0 1,5 \u00b0C par rapport aux niveaux pr\u00e9industriels pour pr\u00e9server une plan\u00e8te habitable. Mais comment maintenir le r\u00e9chauffement climatique en de\u00e7\u00e0 de ce seuil critique ?<\/p>\n<p>L&rsquo;<a href=\"https:\/\/unfccc.int\/process-and-meetings\/the-paris-agreement#:~:text=What%20is%20the%20Paris%20Agreement%3F&amp;text=The%20Paris%20Agreement%20is%20a,force%20on%204%20November%202016.\" target=\"_blank\" rel=\"noopener\">Accord de Paris<\/a> en 2015 a pos\u00e9 les bases, mais le <a href=\"https:\/\/commission.europa.eu\/strategy-and-policy\/priorities-2019-2024\/european-green-deal_en\" target=\"_blank\" rel=\"noopener\">Green Deal<\/a> europ\u00e9en publi\u00e9 fin 2019 et <a href=\"https:\/\/climate.ec.europa.eu\/eu-action\/european-climate-law_en\" target=\"_blank\" rel=\"noopener\">The Climate Act<\/a> sign\u00e9 en juin 2021 les ont ent\u00e9rin\u00e9es. Selon le dernier, d&rsquo;ici \u00e0 2030, les pays europ\u00e9ens doivent r\u00e9duire leurs \u00e9missions de CO\u2082 de 55 % (ce qu&rsquo;on appelle Fit-for-55) et d&rsquo;ici \u00e0 2050, il faut atteindre un bilan d&rsquo;\u00e9missions nettes nulles, c&rsquo;est-\u00e0-dire \u00ab Net Zero \u00bb.<\/p>\n<\/div><\/div>\n\n\n\n<div class=\"wp-block-group\"><div class=\"wp-block-group__inner-container is-layout-constrained wp-block-group-is-layout-constrained\">\n<div class=\"wp-block-group\"><div class=\"wp-block-group__inner-container is-layout-constrained wp-block-group-is-layout-constrained\">\n<div class=\"wp-block-group\"><div class=\"wp-block-group__inner-container is-layout-constrained wp-block-group-is-layout-constrained\">\n<div class=\"wp-block-group\"><div class=\"wp-block-group__inner-container is-layout-constrained wp-block-group-is-layout-constrained\">\n<h3 class=\"has-text-color\" style=\"color: #00589b\"><strong>L&rsquo;impact humain sur l&rsquo;augmentation du CO2 et ses effets sur le changement climatique&nbsp;<\/strong><\/h3>\n\n\n\n<p>L&rsquo;augmentation du CO\u2082 dans l&rsquo;atmosph\u00e8re, comme vous l&rsquo;avez probablement d\u00e9j\u00e0 entendu, r\u00e9chauffe la plan\u00e8te, ce que l&rsquo;on appelle l&rsquo;effet de serre, et provoque un changement climatique. Ce ph\u00e9nom\u00e8ne entra\u00eene une augmentation des temp\u00e9ratures et des climats ext\u00e9rieurs, l&rsquo;extinction de la faune et de la flore, des s\u00e9cheresses et bien d&rsquo;autres choses encore. En bref, nous vivons sur une plan\u00e8te moins habitable.<\/p>\n\n\n\n<p>Depuis le d\u00e9but de la r\u00e9volution industrielle, nous avons assist\u00e9 \u00e0 une augmentation de plus de 50 % des niveaux de dioxyde de carbone (CO\u2082), ou l&rsquo;\u00e9quivalent, en moins de 200 ans. Selon les donn\u00e9es de la NASA, le fait que les activit\u00e9s humaines aient augment\u00e9 les niveaux de CO\u2082 de 50 % signifie que la quantit\u00e9 de CO\u2082 repr\u00e9sente aujourd&rsquo;hui 150 % de sa valeur en 1750. Selon l&rsquo;agence, ce changement est plus important que ce qui s&rsquo;est produit naturellement \u00e0 la fin de la derni\u00e8re p\u00e9riode glaciaire, il y a 20 000 ans.<\/p>\n<\/div><\/div>\n<\/div><\/div>\n<\/div><\/div>\n\n\n\n<p><img loading=\"lazy\" decoding=\"async\" class=\"aligncenter wp-image-45670\" src=\"https:\/\/venfilter.es\/wp-content\/uploads\/CO2-1.png\" alt=\"NASA graphics of CO2 levels 1960-2020-\" width=\"1066\" height=\"666\" srcset=\"https:\/\/venfilter.es\/wp-content\/uploads\/CO2-1.png 2128w, https:\/\/venfilter.es\/wp-content\/uploads\/CO2-1-300x188.png 300w, https:\/\/venfilter.es\/wp-content\/uploads\/CO2-1-1024x640.png 1024w, https:\/\/venfilter.es\/wp-content\/uploads\/CO2-1-768x480.png 768w, https:\/\/venfilter.es\/wp-content\/uploads\/CO2-1-1536x960.png 1536w, https:\/\/venfilter.es\/wp-content\/uploads\/CO2-1-2048x1280.png 2048w, https:\/\/venfilter.es\/wp-content\/uploads\/CO2-1-600x375.png 600w\" sizes=\"auto, (max-width: 1066px) 100vw, 1066px\" \/><\/p>\n<\/div><\/div>\n\n\n\n<p class=\"has-text-align-center\"><em>Pour plus d&rsquo;informations, cliquez <a href=\"https:\/\/ciencia.nasa.gov\/cambio-climatico\/dioxido-de-carbono\/\">ici<\/a><\/em><\/p>\n\n\n\n<p>Bien que les \u00e9missions de CO\u2082 puissent provenir de processus naturels, tels que les \u00e9ruptions volcaniques, elles ne sont pas responsables de l&rsquo;augmentation significative du CO\u2082 dans l&rsquo;atmosph\u00e8re. De nombreuses activit\u00e9s humaines ont contribu\u00e9 \u00e0 cette situation, notamment la combustion de combustibles fossiles (charbon, gaz naturel et p\u00e9trole) pour la production d&rsquo;\u00e9lectricit\u00e9 et divers processus industriels, ainsi que la d\u00e9forestation, qui en sont les principales sources. \u00c0 titre d&rsquo;illustration, l&rsquo;Agence am\u00e9ricaine de protection de l&rsquo;environnement (EPA) a not\u00e9 qu&rsquo;en 2017, le CO\u2082 repr\u00e9sentait environ 81,6 % des \u00e9missions totales de gaz \u00e0 effet de serre provenant des activit\u00e9s anthropiques.<\/p>\n<h3><span style=\"color: #00589b\"><strong>L&rsquo;importance du Net Zero et de la transition \u00e9nerg\u00e9tique<br \/><\/strong><\/span><\/h3>\n<p>Le terme \u00ab Net Zero \u00bb ou d\u00e9carbonisation prend de plus en plus d&rsquo;importance. Ce processus vise \u00e0 minimiser les \u00e9missions de carbone dans l&rsquo;atmosph\u00e8re, en particulier le dioxyde de carbone (CO\u2082). Cette strat\u00e9gie fait partie de l&rsquo;objectif fix\u00e9 pour 2050 par les pays europ\u00e9ens. L&rsquo;objectif global est d&rsquo;\u00e9quilibrer les \u00e9missions g\u00e9n\u00e9r\u00e9es afin qu&rsquo;elles ne d\u00e9passent pas celles qui peuvent \u00eatre absorb\u00e9es ou \u00e9limin\u00e9es par des m\u00e9canismes naturels ou artificiels.<\/p>\n<p>Le concept Net Zero repose sur la transition \u00e9nerg\u00e9tique comme l&rsquo;une des solutions les plus efficaces pour r\u00e9duire les \u00e9missions de CO\u2082 dans l&rsquo;atmosph\u00e8re. Une telle transition implique un changement significatif dans tous les secteurs \u00e9conomiques ainsi que dans la soci\u00e9t\u00e9. Par exemple, elle aurait un impact sur les syst\u00e8mes \u00e9nerg\u00e9tiques, industriels, agricoles et de transport, ainsi que sur les modes de consommation et de production. La r\u00e9alisation de cet objectif serait facilit\u00e9e par la mise en \u0153uvre de sources d&rsquo;\u00e9nergie renouvelables, la prise en compte des aspects \u00e9conomiques des \u00e9conomies d&rsquo;\u00e9nergie, la gestion des d\u00e9chets ou l&rsquo;optimisation de l&rsquo;efficacit\u00e9 \u00e9nerg\u00e9tique, entre autres.<\/p>\n<p>\u00a0<\/p>\n<p><img loading=\"lazy\" decoding=\"async\" class=\"aligncenter wp-image-45674\" src=\"https:\/\/venfilter.es\/wp-content\/uploads\/Emisones-CO2-sectores-economicos.png\" alt=\"U.S Greenhouse Gas Emissions by Economic Sector 1990-2022\" width=\"664\" height=\"564\" srcset=\"https:\/\/venfilter.es\/wp-content\/uploads\/Emisones-CO2-sectores-economicos.png 862w, https:\/\/venfilter.es\/wp-content\/uploads\/Emisones-CO2-sectores-economicos-300x255.png 300w, https:\/\/venfilter.es\/wp-content\/uploads\/Emisones-CO2-sectores-economicos-768x653.png 768w, https:\/\/venfilter.es\/wp-content\/uploads\/Emisones-CO2-sectores-economicos-600x510.png 600w\" sizes=\"auto, (max-width: 664px) 100vw, 664px\" \/><\/p>\n<p style=\"text-align: center\"><em>Pour plus d&rsquo;informations, cliquez <a href=\"https:\/\/espanol.epa.gov\/la-energia-y-el-medioambiente\/emisiones-de-dioxido-de-carbono#:~:text=La%20principal%20actividad%20del%20ser,tierra%20tambi%C3%A9n%20emiten%20CO2\">ici<\/a><\/em><\/p>\n<p>Pour atteindre cet objectif, les efforts conjoints des gouvernements, des entreprises et des citoyens sont essentiels. Dans une d\u00e9claration publi\u00e9e par la Net Zero Coalition, les Nations unies ont not\u00e9 que plus de 70 pays, y compris ceux qui ont l&rsquo;impact polluant le plus \u00e9lev\u00e9 comme les \u00c9tats-Unis, la Chine et la plupart des nations europ\u00e9ennes, se sont fix\u00e9 des objectifs d&rsquo;\u00e9missions nettes nulles. Cela repr\u00e9sente environ 76 % du volume total des \u00e9missions mondiales. Plus de 1 200 entreprises, plus de 1 000 \u00e9tablissements d&rsquo;enseignement et pr\u00e8s de 400 institutions financi\u00e8res ont \u00e9galement adh\u00e9r\u00e9 \u00e0 cette initiative importante, d\u00e9montrant ainsi un engagement collectif fort en faveur de la course vers z\u00e9ro.<\/p>\n<p>Atteindre l&rsquo;objectif de z\u00e9ro \u00e9mission nette comporte de nombreux avantages, tant pour le progr\u00e8s humain que pour la biodiversit\u00e9. Cela impliquerait une am\u00e9lioration exponentielle de la qualit\u00e9 de l&rsquo;air que nous respirons, r\u00e9duisant de mani\u00e8re significative le risque de maladies telles que le cancer, les allergies diverses, etc. Bref, une nette am\u00e9lioration de la sant\u00e9 publique. En outre, cet objectif permettrait de pr\u00e9server la biodiversit\u00e9 et les \u00e9cosyst\u00e8mes qui coexistent avec nous, tout en renfor\u00e7ant l&#8217;emploi dans les secteurs verts et la s\u00e9curit\u00e9 environnementale.<\/p>\n<h3><span style=\"color: #00589b\"><strong>Comment la filtration de l&rsquo;air contribue-t-elle \u00e0 la d\u00e9carbonisation ?\u00a0<\/strong><\/span><\/h3>\n<p>Dans la plupart des pays, la production d&rsquo;\u00e9lectricit\u00e9 d\u00e9pend principalement de l&rsquo;utilisation de combustibles fossiles. En r\u00e9duisant la consommation d&rsquo;\u00e9nergie, nous r\u00e9duisons non seulement la demande de production d&rsquo;\u00e9nergie, mais aussi les \u00e9missions de dioxyde de carbone.<\/p>\n<p>Dans un monde idyllique, les \u00e9nergies renouvelables telles que le vent, l&rsquo;eau et le soleil alimenteraient tous les b\u00e2timents de la plan\u00e8te. Toutefois, cette vision est encore loin d&rsquo;\u00eatre pleinement r\u00e9alis\u00e9e. Il est donc essentiel d&rsquo;optimiser les \u00e9conomies d&rsquo;\u00e9nergie et de mettre en \u0153uvre des pratiques visant \u00e0 maximiser l&rsquo;efficacit\u00e9 \u00e9nerg\u00e9tique. Dans ce contexte, les syst\u00e8mes de filtration de l&rsquo;air jouent un r\u00f4le cl\u00e9. Les composants tels que les convertisseurs de fr\u00e9quence, les filtres \u00e0 air eux-m\u00eames et la gestion des pertes de charge sont d\u00e9cisifs pour parvenir \u00e0 un \u00e9quilibre des \u00e9missions et se rapprocher de l&rsquo;objectif \u00ab z\u00e9ro \u00e9mission \u00bb.<\/p>\n<h3><span style=\"color: #00589b\"><strong>Optimiser les syst\u00e8mes de filtration d&rsquo;air pour r\u00e9duire l&#8217;empreinte carbone\u00a0<\/strong><\/span><\/h3>\n<p>Un syst\u00e8me de variation de fr\u00e9quence ou d&rsquo;autres syst\u00e8mes similaires pourraient \u00eatre mis en \u0153uvre ; toutefois, en soi, ils ne permettraient pas de r\u00e9duire de mani\u00e8re significative l&#8217;empreinte carbone s&rsquo;ils n&rsquo;\u00e9taient pas accompagn\u00e9s de filtres \u00e0 air con\u00e7us pour minimiser autant que possible la perte de charge.<\/p>\n<p>Opter exclusivement pour un <a href=\"https:\/\/venfilter.es\/fr\/produits\/\" target=\"_blank\" rel=\"noopener\"><strong>filtre \u00e0 air<\/strong><\/a> ayant une faible perte de charge initiale peut s&rsquo;av\u00e9rer contre-productif si la perte de charge augmente de mani\u00e8re exponentielle en cas d&rsquo;utilisation continue. Une telle situation obligerait les ventilateurs \u00e0 fonctionner \u00e0 des vitesses plus \u00e9lev\u00e9es pour maintenir le d\u00e9bit souhait\u00e9, ce qui entra\u00eenerait non seulement une augmentation significative de la consommation d&rsquo;\u00e9nergie, mais aussi une hausse consid\u00e9rable de l&#8217;empreinte carbone.<\/p>\n<p>Quels sont les syst\u00e8mes de filtration d&rsquo;air efficaces pour minimiser l&#8217;empreinte carbone d&rsquo;un b\u00e2timent ? Des filtres \u00e0 air de haute qualit\u00e9 et durables sont essentiels. Aujourd&rsquo;hui, le march\u00e9 propose des solutions de plus en plus abordables ; cependant, ces options \u00e0 faible co\u00fbt initial peuvent souvent entra\u00eener des co\u00fbts d&rsquo;exploitation plus \u00e9lev\u00e9s en raison d&rsquo;une consommation d&rsquo;\u00e9nergie accrue et de la n\u00e9cessit\u00e9 de remplacements plus fr\u00e9quents. En outre, il est essentiel de s\u00e9lectionner des filtres dont la courbe de charge est faible et la perte de charge moyenne \u00e0 faible. Un autre aspect essentiel est le remplacement des filtres dans les syst\u00e8mes avant qu&rsquo;ils n&rsquo;atteignent leur perte de charge nominale maximale, afin de garantir un fonctionnement optimal et efficace.<\/p>\n<p>La recommandation standard pour d\u00e9terminer le meilleur moment pour remplacer un filtre \u00e0 air est fix\u00e9e au point o\u00f9 la perte de charge du filtre double sa valeur initiale pour un d\u00e9bit d&rsquo;air sp\u00e9cifique.<\/p>\n<p><img loading=\"lazy\" decoding=\"async\" class=\"aligncenter wp-image-45730\" src=\"https:\/\/venfilter.es\/wp-content\/uploads\/Material-Grafico-Blogs-INGLES-4.jpg\" alt=\"Operating costs of a building (source: Venfilter) \" width=\"857\" height=\"571\" srcset=\"https:\/\/venfilter.es\/wp-content\/uploads\/Material-Grafico-Blogs-INGLES-4.jpg 1425w, https:\/\/venfilter.es\/wp-content\/uploads\/Material-Grafico-Blogs-INGLES-4-300x200.jpg 300w, https:\/\/venfilter.es\/wp-content\/uploads\/Material-Grafico-Blogs-INGLES-4-1024x683.jpg 1024w, https:\/\/venfilter.es\/wp-content\/uploads\/Material-Grafico-Blogs-INGLES-4-768x512.jpg 768w, https:\/\/venfilter.es\/wp-content\/uploads\/Material-Grafico-Blogs-INGLES-4-600x400.jpg 600w\" sizes=\"auto, (max-width: 857px) 100vw, 857px\" \/><\/p>\n<p>\u00a0<\/p>\n<p>\u00a0<\/p>\n<p>En conclusion, le r\u00f4le de la filtration de l&rsquo;air dans la d\u00e9carbonisation est essentiel, \u00e9tant donn\u00e9 qu&rsquo;une gestion efficace de ces syst\u00e8mes contribue de mani\u00e8re significative \u00e0 la r\u00e9duction de la demande d&rsquo;\u00e9nergie et, par cons\u00e9quent, \u00e0 la r\u00e9duction des \u00e9missions de dioxyde de carbone. Pour atteindre le Net Zero, il est crucial d&rsquo;adopter des technologies qui optimisent la consommation d&rsquo;\u00e9nergie en minimisant la perte de pression dans les filtres \u00e0 air et en mettant en \u0153uvre des pratiques de maintenance qui garantissent l&rsquo;efficacit\u00e9 op\u00e9rationnelle de ces syst\u00e8mes. En int\u00e9grant des strat\u00e9gies d&rsquo;\u00e9conomie d&rsquo;\u00e9nergie et en s\u00e9lectionnant des filtres \u00e0 air qui combinent durabilit\u00e9 et faible impact sur la perte de charge, nous pouvons contribuer efficacement \u00e0 l&rsquo;att\u00e9nuation du changement climatique et progresser vers un avenir plus durable et plus sain pour tous.<\/p>\n<p>\u00a0<\/p>\n","protected":false},"excerpt":{"rendered":"<p>D\u00e9couvrez comment la d\u00e9carbonisation et les fuites peuvent contribuer \u00e0 l&rsquo;objectif Net Zero. Explorez les technologies et les initiatives. <\/p>\n","protected":false},"author":4,"featured_media":45689,"comment_status":"open","ping_status":"open","sticky":true,"template":"","format":"standard","meta":{"_acf_changed":false,"footnotes":""},"categories":[1619],"tags":[4803,4806],"class_list":["post-45755","post","type-post","status-publish","format-standard","has-post-thumbnail","hentry","category-filtration-fr","tag-efficacite-energetique","tag-zet-nero"],"acf":[],"yoast_head":"<!-- This site is optimized with the Yoast SEO plugin v27.4 - https:\/\/yoast.com\/product\/yoast-seo-wordpress\/ -->\n<title>D\u00e9carbonisation et filtration, strat\u00e9gies pour atteindre le Net Zero<\/title>\n<meta name=\"description\" content=\"D\u00e9couvrez comment la d\u00e9carbonisation et les fuites peuvent contribuer \u00e0 l&#039;objectif Net Zero. Explorez les technologies et les initiatives.\" \/>\n<meta name=\"robots\" content=\"index, follow, max-snippet:-1, max-image-preview:large, max-video-preview:-1\" \/>\n<link rel=\"canonical\" href=\"https:\/\/venfilter.es\/fr\/decarbonisation-filtracion-air-net-zero\/\" \/>\n<meta property=\"og:locale\" content=\"fr_FR\" \/>\n<meta property=\"og:type\" content=\"article\" \/>\n<meta property=\"og:title\" content=\"D\u00e9carbonisation et filtration, strat\u00e9gies pour atteindre le Net Zero\" \/>\n<meta property=\"og:description\" content=\"D\u00e9couvrez comment la d\u00e9carbonisation et les fuites peuvent contribuer \u00e0 l&#039;objectif Net Zero. Explorez les technologies et les initiatives.\" \/>\n<meta property=\"og:url\" content=\"https:\/\/venfilter.es\/fr\/decarbonisation-filtracion-air-net-zero\/\" \/>\n<meta property=\"og:site_name\" content=\"Venfilter\" \/>\n<meta property=\"article:published_time\" content=\"2024-04-30T09:42:12+00:00\" \/>\n<meta property=\"article:modified_time\" content=\"2026-02-20T08:55:19+00:00\" \/>\n<meta property=\"og:image\" content=\"https:\/\/venfilter.es\/wp-content\/uploads\/portadas-blogs-8.png\" \/>\n\t<meta property=\"og:image:width\" content=\"600\" \/>\n\t<meta property=\"og:image:height\" content=\"400\" \/>\n\t<meta property=\"og:image:type\" content=\"image\/png\" \/>\n<meta name=\"author\" content=\"comunicacion\" \/>\n<meta name=\"twitter:card\" content=\"summary_large_image\" \/>\n<meta name=\"twitter:label1\" content=\"\u00c9crit par\" \/>\n\t<meta name=\"twitter:data1\" content=\"comunicacion\" \/>\n\t<meta name=\"twitter:label2\" content=\"Dur\u00e9e de lecture estim\u00e9e\" \/>\n\t<meta name=\"twitter:data2\" content=\"8 minutes\" \/>\n<script type=\"application\/ld+json\" class=\"yoast-schema-graph\">{\"@context\":\"https:\\\/\\\/schema.org\",\"@graph\":[{\"@type\":\"Article\",\"@id\":\"https:\\\/\\\/venfilter.es\\\/fr\\\/decarbonisation-filtracion-air-net-zero\\\/#article\",\"isPartOf\":{\"@id\":\"https:\\\/\\\/venfilter.es\\\/fr\\\/decarbonisation-filtracion-air-net-zero\\\/\"},\"author\":{\"name\":\"comunicacion\",\"@id\":\"https:\\\/\\\/venfilter.es\\\/fr\\\/#\\\/schema\\\/person\\\/9383ae111e46f093a37eb7db0a669b50\"},\"headline\":\"D\u00e9carbonisation et filtration, strat\u00e9gies pour atteindre le Net Zero\",\"datePublished\":\"2024-04-30T09:42:12+00:00\",\"dateModified\":\"2026-02-20T08:55:19+00:00\",\"mainEntityOfPage\":{\"@id\":\"https:\\\/\\\/venfilter.es\\\/fr\\\/decarbonisation-filtracion-air-net-zero\\\/\"},\"wordCount\":1544,\"commentCount\":0,\"image\":{\"@id\":\"https:\\\/\\\/venfilter.es\\\/fr\\\/decarbonisation-filtracion-air-net-zero\\\/#primaryimage\"},\"thumbnailUrl\":\"https:\\\/\\\/venfilter.es\\\/wp-content\\\/uploads\\\/portadas-blogs-8.png\",\"keywords\":[\"efficacit\u00e9 \u00e9nerg\u00e9tique\",\"zet nero\"],\"articleSection\":[\"Filtration\"],\"inLanguage\":\"fr-FR\",\"potentialAction\":[{\"@type\":\"CommentAction\",\"name\":\"Comment\",\"target\":[\"https:\\\/\\\/venfilter.es\\\/fr\\\/decarbonisation-filtracion-air-net-zero\\\/#respond\"]}]},{\"@type\":\"WebPage\",\"@id\":\"https:\\\/\\\/venfilter.es\\\/fr\\\/decarbonisation-filtracion-air-net-zero\\\/\",\"url\":\"https:\\\/\\\/venfilter.es\\\/fr\\\/decarbonisation-filtracion-air-net-zero\\\/\",\"name\":\"D\u00e9carbonisation et filtration, strat\u00e9gies pour atteindre le Net Zero\",\"isPartOf\":{\"@id\":\"https:\\\/\\\/venfilter.es\\\/fr\\\/#website\"},\"primaryImageOfPage\":{\"@id\":\"https:\\\/\\\/venfilter.es\\\/fr\\\/decarbonisation-filtracion-air-net-zero\\\/#primaryimage\"},\"image\":{\"@id\":\"https:\\\/\\\/venfilter.es\\\/fr\\\/decarbonisation-filtracion-air-net-zero\\\/#primaryimage\"},\"thumbnailUrl\":\"https:\\\/\\\/venfilter.es\\\/wp-content\\\/uploads\\\/portadas-blogs-8.png\",\"datePublished\":\"2024-04-30T09:42:12+00:00\",\"dateModified\":\"2026-02-20T08:55:19+00:00\",\"author\":{\"@id\":\"https:\\\/\\\/venfilter.es\\\/fr\\\/#\\\/schema\\\/person\\\/9383ae111e46f093a37eb7db0a669b50\"},\"description\":\"D\u00e9couvrez comment la d\u00e9carbonisation et les fuites peuvent contribuer \u00e0 l'objectif Net Zero. Explorez les technologies et les initiatives.\",\"breadcrumb\":{\"@id\":\"https:\\\/\\\/venfilter.es\\\/fr\\\/decarbonisation-filtracion-air-net-zero\\\/#breadcrumb\"},\"inLanguage\":\"fr-FR\",\"potentialAction\":[{\"@type\":\"ReadAction\",\"target\":[\"https:\\\/\\\/venfilter.es\\\/fr\\\/decarbonisation-filtracion-air-net-zero\\\/\"]}]},{\"@type\":\"ImageObject\",\"inLanguage\":\"fr-FR\",\"@id\":\"https:\\\/\\\/venfilter.es\\\/fr\\\/decarbonisation-filtracion-air-net-zero\\\/#primaryimage\",\"url\":\"https:\\\/\\\/venfilter.es\\\/wp-content\\\/uploads\\\/portadas-blogs-8.png\",\"contentUrl\":\"https:\\\/\\\/venfilter.es\\\/wp-content\\\/uploads\\\/portadas-blogs-8.png\",\"width\":600,\"height\":400},{\"@type\":\"BreadcrumbList\",\"@id\":\"https:\\\/\\\/venfilter.es\\\/fr\\\/decarbonisation-filtracion-air-net-zero\\\/#breadcrumb\",\"itemListElement\":[{\"@type\":\"ListItem\",\"position\":1,\"name\":\"Portada\",\"item\":\"https:\\\/\\\/venfilter.es\\\/fr\\\/\"},{\"@type\":\"ListItem\",\"position\":2,\"name\":\"D\u00e9carbonisation et filtration, strat\u00e9gies pour atteindre le Net Zero\"}]},{\"@type\":\"WebSite\",\"@id\":\"https:\\\/\\\/venfilter.es\\\/fr\\\/#website\",\"url\":\"https:\\\/\\\/venfilter.es\\\/fr\\\/\",\"name\":\"Venfilter\",\"description\":\"Filtros de aire y ventilaci\u00f3n industrial\",\"potentialAction\":[{\"@type\":\"SearchAction\",\"target\":{\"@type\":\"EntryPoint\",\"urlTemplate\":\"https:\\\/\\\/venfilter.es\\\/fr\\\/?s={search_term_string}\"},\"query-input\":{\"@type\":\"PropertyValueSpecification\",\"valueRequired\":true,\"valueName\":\"search_term_string\"}}],\"inLanguage\":\"fr-FR\"},{\"@type\":\"Person\",\"@id\":\"https:\\\/\\\/venfilter.es\\\/fr\\\/#\\\/schema\\\/person\\\/9383ae111e46f093a37eb7db0a669b50\",\"name\":\"comunicacion\",\"image\":{\"@type\":\"ImageObject\",\"inLanguage\":\"fr-FR\",\"@id\":\"https:\\\/\\\/secure.gravatar.com\\\/avatar\\\/a465ed612104fea4e61494dc488e1b453a84f0f9594b4c84b0153f0bee871b8c?s=96&d=mm&r=g\",\"url\":\"https:\\\/\\\/secure.gravatar.com\\\/avatar\\\/a465ed612104fea4e61494dc488e1b453a84f0f9594b4c84b0153f0bee871b8c?s=96&d=mm&r=g\",\"contentUrl\":\"https:\\\/\\\/secure.gravatar.com\\\/avatar\\\/a465ed612104fea4e61494dc488e1b453a84f0f9594b4c84b0153f0bee871b8c?s=96&d=mm&r=g\",\"caption\":\"comunicacion\"}}]}<\/script>\n<!-- \/ Yoast SEO plugin. -->","yoast_head_json":{"title":"D\u00e9carbonisation et filtration, strat\u00e9gies pour atteindre le Net Zero","description":"D\u00e9couvrez comment la d\u00e9carbonisation et les fuites peuvent contribuer \u00e0 l'objectif Net Zero. Explorez les technologies et les initiatives.","robots":{"index":"index","follow":"follow","max-snippet":"max-snippet:-1","max-image-preview":"max-image-preview:large","max-video-preview":"max-video-preview:-1"},"canonical":"https:\/\/venfilter.es\/fr\/decarbonisation-filtracion-air-net-zero\/","og_locale":"fr_FR","og_type":"article","og_title":"D\u00e9carbonisation et filtration, strat\u00e9gies pour atteindre le Net Zero","og_description":"D\u00e9couvrez comment la d\u00e9carbonisation et les fuites peuvent contribuer \u00e0 l'objectif Net Zero. Explorez les technologies et les initiatives.","og_url":"https:\/\/venfilter.es\/fr\/decarbonisation-filtracion-air-net-zero\/","og_site_name":"Venfilter","article_published_time":"2024-04-30T09:42:12+00:00","article_modified_time":"2026-02-20T08:55:19+00:00","og_image":[{"width":600,"height":400,"url":"https:\/\/venfilter.es\/wp-content\/uploads\/portadas-blogs-8.png","type":"image\/png"}],"author":"comunicacion","twitter_card":"summary_large_image","twitter_misc":{"\u00c9crit par":"comunicacion","Dur\u00e9e de lecture estim\u00e9e":"8 minutes"},"schema":{"@context":"https:\/\/schema.org","@graph":[{"@type":"Article","@id":"https:\/\/venfilter.es\/fr\/decarbonisation-filtracion-air-net-zero\/#article","isPartOf":{"@id":"https:\/\/venfilter.es\/fr\/decarbonisation-filtracion-air-net-zero\/"},"author":{"name":"comunicacion","@id":"https:\/\/venfilter.es\/fr\/#\/schema\/person\/9383ae111e46f093a37eb7db0a669b50"},"headline":"D\u00e9carbonisation et filtration, strat\u00e9gies pour atteindre le Net Zero","datePublished":"2024-04-30T09:42:12+00:00","dateModified":"2026-02-20T08:55:19+00:00","mainEntityOfPage":{"@id":"https:\/\/venfilter.es\/fr\/decarbonisation-filtracion-air-net-zero\/"},"wordCount":1544,"commentCount":0,"image":{"@id":"https:\/\/venfilter.es\/fr\/decarbonisation-filtracion-air-net-zero\/#primaryimage"},"thumbnailUrl":"https:\/\/venfilter.es\/wp-content\/uploads\/portadas-blogs-8.png","keywords":["efficacit\u00e9 \u00e9nerg\u00e9tique","zet nero"],"articleSection":["Filtration"],"inLanguage":"fr-FR","potentialAction":[{"@type":"CommentAction","name":"Comment","target":["https:\/\/venfilter.es\/fr\/decarbonisation-filtracion-air-net-zero\/#respond"]}]},{"@type":"WebPage","@id":"https:\/\/venfilter.es\/fr\/decarbonisation-filtracion-air-net-zero\/","url":"https:\/\/venfilter.es\/fr\/decarbonisation-filtracion-air-net-zero\/","name":"D\u00e9carbonisation et filtration, strat\u00e9gies pour atteindre le Net Zero","isPartOf":{"@id":"https:\/\/venfilter.es\/fr\/#website"},"primaryImageOfPage":{"@id":"https:\/\/venfilter.es\/fr\/decarbonisation-filtracion-air-net-zero\/#primaryimage"},"image":{"@id":"https:\/\/venfilter.es\/fr\/decarbonisation-filtracion-air-net-zero\/#primaryimage"},"thumbnailUrl":"https:\/\/venfilter.es\/wp-content\/uploads\/portadas-blogs-8.png","datePublished":"2024-04-30T09:42:12+00:00","dateModified":"2026-02-20T08:55:19+00:00","author":{"@id":"https:\/\/venfilter.es\/fr\/#\/schema\/person\/9383ae111e46f093a37eb7db0a669b50"},"description":"D\u00e9couvrez comment la d\u00e9carbonisation et les fuites peuvent contribuer \u00e0 l'objectif Net Zero. Explorez les technologies et les initiatives.","breadcrumb":{"@id":"https:\/\/venfilter.es\/fr\/decarbonisation-filtracion-air-net-zero\/#breadcrumb"},"inLanguage":"fr-FR","potentialAction":[{"@type":"ReadAction","target":["https:\/\/venfilter.es\/fr\/decarbonisation-filtracion-air-net-zero\/"]}]},{"@type":"ImageObject","inLanguage":"fr-FR","@id":"https:\/\/venfilter.es\/fr\/decarbonisation-filtracion-air-net-zero\/#primaryimage","url":"https:\/\/venfilter.es\/wp-content\/uploads\/portadas-blogs-8.png","contentUrl":"https:\/\/venfilter.es\/wp-content\/uploads\/portadas-blogs-8.png","width":600,"height":400},{"@type":"BreadcrumbList","@id":"https:\/\/venfilter.es\/fr\/decarbonisation-filtracion-air-net-zero\/#breadcrumb","itemListElement":[{"@type":"ListItem","position":1,"name":"Portada","item":"https:\/\/venfilter.es\/fr\/"},{"@type":"ListItem","position":2,"name":"D\u00e9carbonisation et filtration, strat\u00e9gies pour atteindre le Net Zero"}]},{"@type":"WebSite","@id":"https:\/\/venfilter.es\/fr\/#website","url":"https:\/\/venfilter.es\/fr\/","name":"Venfilter","description":"Filtros de aire y ventilaci\u00f3n industrial","potentialAction":[{"@type":"SearchAction","target":{"@type":"EntryPoint","urlTemplate":"https:\/\/venfilter.es\/fr\/?s={search_term_string}"},"query-input":{"@type":"PropertyValueSpecification","valueRequired":true,"valueName":"search_term_string"}}],"inLanguage":"fr-FR"},{"@type":"Person","@id":"https:\/\/venfilter.es\/fr\/#\/schema\/person\/9383ae111e46f093a37eb7db0a669b50","name":"comunicacion","image":{"@type":"ImageObject","inLanguage":"fr-FR","@id":"https:\/\/secure.gravatar.com\/avatar\/a465ed612104fea4e61494dc488e1b453a84f0f9594b4c84b0153f0bee871b8c?s=96&d=mm&r=g","url":"https:\/\/secure.gravatar.com\/avatar\/a465ed612104fea4e61494dc488e1b453a84f0f9594b4c84b0153f0bee871b8c?s=96&d=mm&r=g","contentUrl":"https:\/\/secure.gravatar.com\/avatar\/a465ed612104fea4e61494dc488e1b453a84f0f9594b4c84b0153f0bee871b8c?s=96&d=mm&r=g","caption":"comunicacion"}}]}},"_links":{"self":[{"href":"https:\/\/venfilter.es\/fr\/wp-json\/wp\/v2\/posts\/45755","targetHints":{"allow":["GET"]}}],"collection":[{"href":"https:\/\/venfilter.es\/fr\/wp-json\/wp\/v2\/posts"}],"about":[{"href":"https:\/\/venfilter.es\/fr\/wp-json\/wp\/v2\/types\/post"}],"author":[{"embeddable":true,"href":"https:\/\/venfilter.es\/fr\/wp-json\/wp\/v2\/users\/4"}],"replies":[{"embeddable":true,"href":"https:\/\/venfilter.es\/fr\/wp-json\/wp\/v2\/comments?post=45755"}],"version-history":[{"count":1,"href":"https:\/\/venfilter.es\/fr\/wp-json\/wp\/v2\/posts\/45755\/revisions"}],"predecessor-version":[{"id":52074,"href":"https:\/\/venfilter.es\/fr\/wp-json\/wp\/v2\/posts\/45755\/revisions\/52074"}],"wp:featuredmedia":[{"embeddable":true,"href":"https:\/\/venfilter.es\/fr\/wp-json\/wp\/v2\/media\/45689"}],"wp:attachment":[{"href":"https:\/\/venfilter.es\/fr\/wp-json\/wp\/v2\/media?parent=45755"}],"wp:term":[{"taxonomy":"category","embeddable":true,"href":"https:\/\/venfilter.es\/fr\/wp-json\/wp\/v2\/categories?post=45755"},{"taxonomy":"post_tag","embeddable":true,"href":"https:\/\/venfilter.es\/fr\/wp-json\/wp\/v2\/tags?post=45755"}],"curies":[{"name":"wp","href":"https:\/\/api.w.org\/{rel}","templated":true}]}}