{"id":45804,"date":"2024-05-02T11:16:09","date_gmt":"2024-05-02T10:16:09","guid":{"rendered":"https:\/\/venfilter.es\/?p=45804"},"modified":"2024-05-02T11:16:10","modified_gmt":"2024-05-02T10:16:10","slug":"como-filtragem-de-ar-ajuda-na-descarbonizacao","status":"publish","type":"post","link":"https:\/\/venfilter.es\/pt-pt\/como-filtragem-de-ar-ajuda-na-descarbonizacao\/","title":{"rendered":"Descarboniza\u00e7\u00e3o e filtragem da ar, estrat\u00e9gias para atingir o Net Zero"},"content":{"rendered":"\n<h3><span style=\"color: #00589b;\"><strong>O desafio das altera\u00e7\u00f5es clim\u00e1ticas e a necessidade de a\u00e7\u00e3o<br><\/strong><\/span><\/h3>\n\n\n\n<p>As altera\u00e7\u00f5es clim\u00e1ticas representam um dos desafios ambientais mais significativos das \u00faltimas d\u00e9cadas, e a preocupa\u00e7\u00e3o da sociedade com esta quest\u00e3o est\u00e1 a aumentar de forma constante todos os anos. Estudos cient\u00edficos confirmaram que limitar o aumento da temperatura a um m\u00e1ximo de 1,5\u00b0C acima dos n\u00edveis pr\u00e9-industriais \u00e9 crucial para preservar um planeta habit\u00e1vel. Mas como \u00e9 que o aquecimento global pode ser mantido abaixo deste limiar cr\u00edtico?<\/p>\n\n\n\n<p>O Acordo de Paris de 2015 lan\u00e7ou as bases, mas o <a href=\"https:\/\/commission.europa.eu\/strategy-and-policy\/priorities-2019-2024\/european-green-deal_es\">Pacto Ecol\u00f3gico Europeu<\/a>, publicado no final de 2019, e a <a href=\"https:\/\/climate.ec.europa.eu\/eu-action\/european-climate-law_en\">Lei do Clima<\/a>, assinada em junho de 2021, ratificaram-nas. De acordo com este \u00faltimo, at\u00e9 2030 os pa\u00edses europeus devem reduzir as suas emiss\u00f5es de CO\u2082 em 55% (conhecido como <a href=\"https:\/\/www.consilium.europa.eu\/es\/policies\/green-deal\/fit-for-55\/\">Fit-for-55<\/a>) e at\u00e9 2050 deve ser alcan\u00e7ado um equil\u00edbrio l\u00edquido de emiss\u00f5es zero at\u00e9 2050, ou seja, \u201cNet Zero\u201d.<\/p>\n\n\n\n<div class=\"wp-block-group\"><div class=\"wp-block-group__inner-container is-layout-constrained wp-block-group-is-layout-constrained\">\n<div class=\"wp-block-group\"><div class=\"wp-block-group__inner-container is-layout-constrained wp-block-group-is-layout-constrained\">\n<h3 class=\"has-text-color\" style=\"color: #00589b;\"><strong>Impacto humano no aumento de CO2 e seus efeitos nas altera\u00e7\u00f5es clim\u00e1ticas <\/strong><\/h3>\n\n\n\n<p>O aumento de CO\u2082 na atmosfera, como provavelmente j\u00e1 ouviu falar, est\u00e1 a aquecer o planeta, tamb\u00e9m conhecido como efeito de estufa, o que est\u00e1 a causar altera\u00e7\u00f5es clim\u00e1ticas. Isto est\u00e1 a levar a temperaturas e climas mais externos, \u00e0 extin\u00e7\u00e3o da vida selvagem, a secas e a uma longa lista mais. Em suma, viver num planeta cada vez menos habit\u00e1vel.<\/p>\n\n\n\n<p>Desde o in\u00edcio da Revolu\u00e7\u00e3o Industrial, assistimos a um aumento de mais de 50% nos n\u00edveis de di\u00f3xido de carbono (CO\u2082), ou equivalente, em menos de 200 anos. De acordo com dados da NASA, o facto de as actividades humanas terem aumentado os n\u00edveis de CO\u2082 em 50% significa que a quantidade de CO\u2082 \u00e9 agora 150% do seu valor em 1750. Esta magnitude de mudan\u00e7a \u00e9, de acordo com a ag\u00eancia, maior do que o que aconteceu naturalmente no final da \u00faltima era glacial, h\u00e1 20.000 anos.<\/p>\n<\/div><\/div>\n\n\n\n<p><img loading=\"lazy\" decoding=\"async\" class=\"aligncenter wp-image-45670\" src=\"https:\/\/venfilter.es\/wp-content\/uploads\/CO2-1.png\" alt=\"Gr\u00e1ficos da NASA sobre os n\u00edveis de CO\u2082 e as altera\u00e7\u00f5es clim\u00e1ticas\" width=\"1066\" height=\"666\" srcset=\"https:\/\/venfilter.es\/wp-content\/uploads\/CO2-1.png 2128w, https:\/\/venfilter.es\/wp-content\/uploads\/CO2-1-300x188.png 300w, https:\/\/venfilter.es\/wp-content\/uploads\/CO2-1-1024x640.png 1024w, https:\/\/venfilter.es\/wp-content\/uploads\/CO2-1-768x480.png 768w, https:\/\/venfilter.es\/wp-content\/uploads\/CO2-1-1536x960.png 1536w, https:\/\/venfilter.es\/wp-content\/uploads\/CO2-1-2048x1280.png 2048w, https:\/\/venfilter.es\/wp-content\/uploads\/CO2-1-600x375.png 600w\" sizes=\"auto, (max-width: 1066px) 100vw, 1066px\" \/><\/p>\n<\/div><\/div>\n\n\n\n<p class=\"has-text-align-center\"><em>Para mais informa\u00e7\u00f5es, clique<\/em> <a href=\"ttps:\/\/climate.nasa.gov\/en-espanol\/signos-vitales\/dioxido-de-carbono\/?intent=111#:~:text=El%20di%C3%B3xido%20de%20carbono%20en,planeta%2C%20provocando%20el%20cambio%20clim%C3%A1tico\">aqui<\/a><\/p>\n\n\n\n<p>Embora as emiss\u00f5es de CO\u2082 possam ter origem em processos naturais, como as erup\u00e7\u00f5es vulc\u00e2nicas, n\u00e3o s\u00e3o respons\u00e1veis pelo aumento significativo de CO\u2082 na atmosfera. In\u00fameras actividades humanas t\u00eam contribu\u00eddo para esta situa\u00e7\u00e3o, incluindo a queima de combust\u00edveis f\u00f3sseis (carv\u00e3o, g\u00e1s natural e petr\u00f3leo) para a produ\u00e7\u00e3o de energia e v\u00e1rios processos industriais, bem como a desfloresta\u00e7\u00e3o, que se destacam como as principais fontes. A t\u00edtulo ilustrativo, a Ag\u00eancia de Prote\u00e7\u00e3o Ambiental dos EUA (EPA) referiu que, em 2017, o CO\u2082 representava aproximadamente 81,6% do total das emiss\u00f5es de gases com efeito de estufa provenientes de atividades antropog\u00e9nicas.<\/p>\n<h3><span style=\"color: #00589b;\"><strong>A import\u00e2ncia do Net Zero e a transi\u00e7\u00e3o energ\u00e9tica <br \/><\/strong><\/span><\/h3>\n<p>O termo \u201cNet Zero\u201d ou descarboniza\u00e7\u00e3o est\u00e1 a ganhar cada vez mais destaque. Este processo tem como objetivo minimizar as emiss\u00f5es de carbono para a atmosfera, nomeadamente o di\u00f3xido de carbono (CO\u2082), que \u00e9 o mais preocupante. Esta estrat\u00e9gia faz parte da meta estabelecida para 2050 pelos pa\u00edses europeus. O objetivo global \u00e9 equilibrar as emiss\u00f5es geradas de modo a que n\u00e3o excedam as que podem ser absorvidas ou removidas atrav\u00e9s de mecanismos naturais ou artificiais.<\/p>\n<p>O conceito Net Zero baseia-se na transi\u00e7\u00e3o energ\u00e9tica como uma das solu\u00e7\u00f5es mais eficazes para reduzir as emiss\u00f5es de CO\u2082 na atmosfera. Essa transi\u00e7\u00e3o implica uma mudan\u00e7a significativa em todos os sectores econ\u00f3micos e tamb\u00e9m na sociedade. Por exemplo, teria um impacto nos sistemas energ\u00e9tico, industrial, agr\u00edcola e de transportes, bem como nos padr\u00f5es de consumo e de produ\u00e7\u00e3o. A concretiza\u00e7\u00e3o deste objetivo seria facilitada pela implementa\u00e7\u00e3o de fontes de energia renov\u00e1veis, pela concentra\u00e7\u00e3o na economia da poupan\u00e7a de energia, pela gest\u00e3o de res\u00edduos ou pela otimiza\u00e7\u00e3o da efici\u00eancia energ\u00e9tica, entre outros aspectos.<\/p>\n<p><img loading=\"lazy\" decoding=\"async\" class=\"aligncenter wp-image-45674\" src=\"https:\/\/venfilter.es\/wp-content\/uploads\/Emisones-CO2-sectores-economicos.png\" alt=\"Emiss\u00f5es de CO\u2082 emitidas nos Estados Unidos por sectores econ\u00f3micos de 1990 a 2022.\" width=\"664\" height=\"564\" srcset=\"https:\/\/venfilter.es\/wp-content\/uploads\/Emisones-CO2-sectores-economicos.png 862w, https:\/\/venfilter.es\/wp-content\/uploads\/Emisones-CO2-sectores-economicos-300x255.png 300w, https:\/\/venfilter.es\/wp-content\/uploads\/Emisones-CO2-sectores-economicos-768x653.png 768w, https:\/\/venfilter.es\/wp-content\/uploads\/Emisones-CO2-sectores-economicos-600x510.png 600w\" sizes=\"auto, (max-width: 664px) 100vw, 664px\" \/><\/p>\n<p style=\"text-align: center;\"><em>Para mais informa\u00e7\u00f5es, clique<\/em> <a href=\"https:\/\/espanol.epa.gov\/la-energia-y-el-medioambiente\/emisiones-de-dioxido-de-carbono#:~:text=La%20principal%20actividad%20del%20ser,tierra%20tambi%C3%A9n%20emiten%20CO2\">aqui<\/a><\/p>\n<p>Para atingir este objetivo, \u00e9 essencial o esfor\u00e7o conjunto dos governos, das empresas e dos cidad\u00e3os. Numa declara\u00e7\u00e3o emitida pela Coliga\u00e7\u00e3o Net Zero, as Na\u00e7\u00f5es Unidas referiram que mais de 70 pa\u00edses, incluindo aqueles com maior impacto poluente, como os Estados Unidos, a China e a maioria das na\u00e7\u00f5es europeias, estabeleceram objectivos de emiss\u00f5es l\u00edquidas nulas. Isto representa aproximadamente 76% do volume total de emiss\u00f5es globais. Mais de 1.200 empresas, mais de 1.000 institui\u00e7\u00f5es de ensino e cerca de 400 institui\u00e7\u00f5es financeiras tamb\u00e9m aderiram a esta iniciativa significativa, demonstrando um compromisso coletivo e forte com a Corrida para Zero.<\/p>\n<p>Atingir o objetivo de Zero Emiss\u00f5es L\u00edquidas traz consigo uma s\u00e9rie de benef\u00edcios, tanto para o progresso humano como para a biodiversidade. Implicaria uma melhoria exponencial da qualidade do ar que respiramos, reduzindo significativamente o risco de doen\u00e7as como o cancro e v\u00e1rias alergias, etc. Em suma, haveria uma melhoria acentuada da sa\u00fade p\u00fablica. Al\u00e9m disso, este objetivo preservaria a biodiversidade e os ecossistemas que coexistem connosco, refor\u00e7ando simultaneamente o emprego nos sectores verdes e a seguran\u00e7a ambiental.<\/p>\n<h3><span style=\"color: #00589b;\"><strong>Como \u00e9 que a filtragem do ar contribui para a descarboniza\u00e7\u00e3o?\u00a0<\/strong><\/span><\/h3>\n<p>Na maioria dos pa\u00edses, a produ\u00e7\u00e3o de eletricidade depende essencialmente da utiliza\u00e7\u00e3o de combust\u00edveis f\u00f3sseis. Ao reduzir o consumo de energia, n\u00e3o s\u00f3 reduzimos a procura de produ\u00e7\u00e3o de energia, como tamb\u00e9m conseguimos uma redu\u00e7\u00e3o significativa das emiss\u00f5es de di\u00f3xido de carbono.<\/p>\n<p>Num mundo id\u00edlico, as energias renov\u00e1veis, como a e\u00f3lica, a h\u00eddrica e a solar, alimentariam todos os edif\u00edcios do mundo. No entanto, esta vis\u00e3o ainda est\u00e1 longe de ser plenamente concretizada. Embora a Espanha seja um dos l\u00edderes na ado\u00e7\u00e3o de energias renov\u00e1veis, continua a existir um desafio significativo: alargar o alcance destas fontes limpas para que possam satisfazer plenamente as necessidades energ\u00e9ticas de todas as ind\u00fastrias e edif\u00edcios.<\/p>\n<p>Por conseguinte, \u00e9 essencial otimizar a poupan\u00e7a de energia e implementar pr\u00e1ticas destinadas a maximizar a efici\u00eancia energ\u00e9tica. Neste contexto, os sistemas de filtragem do ar desempenham um papel fundamental. Componentes como os variadores de frequ\u00eancia, os pr\u00f3prios filtros de ar e a gest\u00e3o das perdas de carga s\u00e3o decisivos para alcan\u00e7ar um equil\u00edbrio nas emiss\u00f5es, caminhando para o objetivo de emiss\u00f5es zero.<\/p>\n<h3><span style=\"color: #00589b;\"><strong>Otimiza\u00e7\u00e3o dos sistemas de filtragem do ar para reduzir a pegada de carbono<\/strong><\/span><\/h3>\n<p>Poder\u00e1 ser implementado um sistema de varia\u00e7\u00e3o de frequ\u00eancia ou outros sistemas semelhantes; no entanto, por si s\u00f3, isto n\u00e3o alcan\u00e7aria uma redu\u00e7\u00e3o significativa da pegada de carbono, a n\u00e3o ser que fosse acompanhado por filtros de ar concebidos para minimizar a queda de press\u00e3o tanto quanto poss\u00edvel.<\/p>\n<p>Optar exclusivamente por um filtro de ar que tenha uma baixa queda de press\u00e3o inicial pode ser contraproducente se a queda de press\u00e3o aumentar exponencialmente com a utiliza\u00e7\u00e3o cont\u00ednua. Tal situa\u00e7\u00e3o obrigaria os ventiladores a funcionar a velocidades mais elevadas para manter o caudal desejado, o que n\u00e3o s\u00f3 conduz a um aumento significativo do consumo de energia, como tamb\u00e9m aumenta consideravelmente a pegada de carbono.<\/p>\n<p>Quais s\u00e3o os sistemas de filtragem de ar eficazes para minimizar a pegada de carbono de um edif\u00edcio? Os filtros de ar de alta qualidade e de longa dura\u00e7\u00e3o s\u00e3o essenciais. Atualmente, o mercado oferece alternativas cada vez mais acess\u00edveis; no entanto, estas op\u00e7\u00f5es de custo inicial mais baixo podem muitas vezes resultar em custos operacionais mais elevados devido ao aumento do consumo de energia e \u00e0 necessidade de substitui\u00e7\u00f5es mais frequentes. Al\u00e9m disso, \u00e9 crucial selecionar filtros com uma curva de carga baixa e uma queda de press\u00e3o m\u00e9dia-baixa. Outro aspeto vital \u00e9 a substitui\u00e7\u00e3o dos filtros nos sistemas antes de atingirem a sua queda de press\u00e3o nominal m\u00e1xima para garantir um funcionamento \u00f3timo e eficiente.<\/p>\n<p>A recomenda\u00e7\u00e3o padr\u00e3o para determinar o melhor momento para substituir um filtro de ar \u00e9 definida no ponto em que a queda de press\u00e3o do filtro duplica o seu valor inicial sob um caudal de ar espec\u00edfico.<\/p>\n<p><img loading=\"lazy\" decoding=\"async\" class=\"aligncenter wp-image-45800\" src=\"https:\/\/venfilter.es\/wp-content\/uploads\/Material-Grafico-Blogs-PORTUGES-1.jpg\" alt=\"Custos de funcionamineto de um ed\u00edfico \" width=\"731\" height=\"487\" srcset=\"https:\/\/venfilter.es\/wp-content\/uploads\/Material-Grafico-Blogs-PORTUGES-1.jpg 1875w, https:\/\/venfilter.es\/wp-content\/uploads\/Material-Grafico-Blogs-PORTUGES-1-300x200.jpg 300w, https:\/\/venfilter.es\/wp-content\/uploads\/Material-Grafico-Blogs-PORTUGES-1-1024x683.jpg 1024w, https:\/\/venfilter.es\/wp-content\/uploads\/Material-Grafico-Blogs-PORTUGES-1-768x512.jpg 768w, https:\/\/venfilter.es\/wp-content\/uploads\/Material-Grafico-Blogs-PORTUGES-1-1536x1024.jpg 1536w, https:\/\/venfilter.es\/wp-content\/uploads\/Material-Grafico-Blogs-PORTUGES-1-600x400.jpg 600w\" sizes=\"auto, (max-width: 731px) 100vw, 731px\" \/><\/p>\n<p>Em conclus\u00e3o, o<a href=\"https:\/\/venfilter.es\/pt-pt\/productos\/\"> papel da filtragem de ar<\/a> na descarboniza\u00e7\u00e3o \u00e9 essencial, uma vez que a gest\u00e3o eficiente destes sistemas contribui significativamente para a redu\u00e7\u00e3o da procura de energia e, consequentemente, para a redu\u00e7\u00e3o das emiss\u00f5es de di\u00f3xido de carbono. Para atingir o Net Zero, \u00e9 fundamental a ado\u00e7\u00e3o de tecnologias que optimizem o consumo de energia, minimizando as perdas de carga nos filtros de ar e implementando pr\u00e1ticas de manuten\u00e7\u00e3o que garantam a efici\u00eancia operacional destes sistemas. Ao incorporar estrat\u00e9gias de poupan\u00e7a de energia e ao selecionar filtros de ar que combinem durabilidade com baixo impacto na perda de press\u00e3o, podemos contribuir efetivamente para a mitiga\u00e7\u00e3o das altera\u00e7\u00f5es clim\u00e1ticas e avan\u00e7ar para um futuro mais sustent\u00e1vel e saud\u00e1vel para todos.<\/p>\n<p>\u00a0<\/p>\n","protected":false},"excerpt":{"rendered":"<p>Descubra como a filtragem eficiente do ar \u00e9 essencial na luta contra as altera\u00e7\u00f5es clim\u00e1ticas e a import\u00e2ncia de atingir o Net Zero. Leia sobre as solu\u00e7\u00f5es inovadoras que podem melhorar a qualidade do ar e reduzir emiss\u00f5es de CO\u2082.<\/p>\n","protected":false},"author":4,"featured_media":45690,"comment_status":"open","ping_status":"open","sticky":true,"template":"","format":"standard","meta":{"_acf_changed":false,"footnotes":""},"categories":[4816],"tags":[4817,4818,4820,4821,4822,4824,4825,4826],"class_list":["post-45804","post","type-post","status-publish","format-standard","has-post-thumbnail","hentry","category-eficiencia-energetica","tag-eficiencia-energetica-2","tag-net-zero-4","tag-filtros-de-ar-eficientes-2","tag-descarbonizacao","tag-alteracoes-climaticas","tag-co2-4","tag-edificio-2","tag-filtragem-da-ar"],"acf":[],"yoast_head":"<!-- This site is optimized with the Yoast SEO plugin v27.4 - https:\/\/yoast.com\/product\/yoast-seo-wordpress\/ -->\n<title>Descarboniza\u00e7\u00e3o e filtragem, estrat\u00e9gias para atingir o Net Zero<\/title>\n<meta name=\"description\" content=\"Descubra como a filtragem eficiente do ar \u00e9 essencial na luta contra as altera\u00e7\u00f5es clim\u00e1ticas e a import\u00e2ncia de atingir o Net Zero. Leia sobre as solu\u00e7\u00f5es inovadoras que podem melhorar a qualidade do ar e reduzir emiss\u00f5es de CO\u2082.\" \/>\n<meta name=\"robots\" content=\"index, follow, max-snippet:-1, max-image-preview:large, max-video-preview:-1\" \/>\n<link rel=\"canonical\" href=\"https:\/\/venfilter.es\/pt-pt\/como-filtragem-de-ar-ajuda-na-descarbonizacao\/\" \/>\n<meta property=\"og:locale\" content=\"pt_PT\" \/>\n<meta property=\"og:type\" content=\"article\" \/>\n<meta property=\"og:title\" content=\"Descarboniza\u00e7\u00e3o e filtragem, estrat\u00e9gias para atingir o Net Zero\" \/>\n<meta property=\"og:description\" content=\"Descubra como a filtragem eficiente do ar \u00e9 essencial na luta contra as altera\u00e7\u00f5es clim\u00e1ticas e a import\u00e2ncia de atingir o Net Zero. Leia sobre as solu\u00e7\u00f5es inovadoras que podem melhorar a qualidade do ar e reduzir emiss\u00f5es de CO\u2082.\" \/>\n<meta property=\"og:url\" content=\"https:\/\/venfilter.es\/pt-pt\/como-filtragem-de-ar-ajuda-na-descarbonizacao\/\" \/>\n<meta property=\"og:site_name\" content=\"Venfilter\" \/>\n<meta property=\"article:published_time\" content=\"2024-05-02T10:16:09+00:00\" \/>\n<meta property=\"article:modified_time\" content=\"2024-05-02T10:16:10+00:00\" \/>\n<meta property=\"og:image\" content=\"https:\/\/venfilter.es\/wp-content\/uploads\/portadas-blogs-8.png\" \/>\n\t<meta property=\"og:image:width\" content=\"600\" \/>\n\t<meta property=\"og:image:height\" content=\"400\" \/>\n\t<meta property=\"og:image:type\" content=\"image\/png\" \/>\n<meta name=\"author\" content=\"comunicacion\" \/>\n<meta name=\"twitter:card\" content=\"summary_large_image\" \/>\n<meta name=\"twitter:label1\" content=\"Escrito por\" \/>\n\t<meta name=\"twitter:data1\" content=\"comunicacion\" \/>\n\t<meta name=\"twitter:label2\" content=\"Tempo estimado de leitura\" \/>\n\t<meta name=\"twitter:data2\" content=\"8 minutos\" \/>\n<script type=\"application\/ld+json\" class=\"yoast-schema-graph\">{\"@context\":\"https:\\\/\\\/schema.org\",\"@graph\":[{\"@type\":\"Article\",\"@id\":\"https:\\\/\\\/venfilter.es\\\/pt-pt\\\/como-filtragem-de-ar-ajuda-na-descarbonizacao\\\/#article\",\"isPartOf\":{\"@id\":\"https:\\\/\\\/venfilter.es\\\/pt-pt\\\/como-filtragem-de-ar-ajuda-na-descarbonizacao\\\/\"},\"author\":{\"name\":\"comunicacion\",\"@id\":\"https:\\\/\\\/venfilter.es\\\/pt-pt\\\/#\\\/schema\\\/person\\\/9383ae111e46f093a37eb7db0a669b50\"},\"headline\":\"Descarboniza\u00e7\u00e3o e filtragem da ar, estrat\u00e9gias para atingir o Net Zero\",\"datePublished\":\"2024-05-02T10:16:09+00:00\",\"dateModified\":\"2024-05-02T10:16:10+00:00\",\"mainEntityOfPage\":{\"@id\":\"https:\\\/\\\/venfilter.es\\\/pt-pt\\\/como-filtragem-de-ar-ajuda-na-descarbonizacao\\\/\"},\"wordCount\":1543,\"commentCount\":0,\"image\":{\"@id\":\"https:\\\/\\\/venfilter.es\\\/pt-pt\\\/como-filtragem-de-ar-ajuda-na-descarbonizacao\\\/#primaryimage\"},\"thumbnailUrl\":\"https:\\\/\\\/venfilter.es\\\/wp-content\\\/uploads\\\/portadas-blogs-8.png\",\"keywords\":[\"efici\u00eancia energ\u00e9tica\",\"net zero\",\"filtros de ar eficientes.\",\"descarboniza\u00e7\u00e3o\",\"altera\u00e7\u00f5es clim\u00e1ticas\",\"CO2\",\"ed\u00edficio\",\"filtragem da ar\"],\"articleSection\":[\"efici\u00eancia energ\u00e9tica\"],\"inLanguage\":\"pt-PT\",\"potentialAction\":[{\"@type\":\"CommentAction\",\"name\":\"Comment\",\"target\":[\"https:\\\/\\\/venfilter.es\\\/pt-pt\\\/como-filtragem-de-ar-ajuda-na-descarbonizacao\\\/#respond\"]}]},{\"@type\":\"WebPage\",\"@id\":\"https:\\\/\\\/venfilter.es\\\/pt-pt\\\/como-filtragem-de-ar-ajuda-na-descarbonizacao\\\/\",\"url\":\"https:\\\/\\\/venfilter.es\\\/pt-pt\\\/como-filtragem-de-ar-ajuda-na-descarbonizacao\\\/\",\"name\":\"Descarboniza\u00e7\u00e3o e filtragem, estrat\u00e9gias para atingir o Net Zero\",\"isPartOf\":{\"@id\":\"https:\\\/\\\/venfilter.es\\\/pt-pt\\\/#website\"},\"primaryImageOfPage\":{\"@id\":\"https:\\\/\\\/venfilter.es\\\/pt-pt\\\/como-filtragem-de-ar-ajuda-na-descarbonizacao\\\/#primaryimage\"},\"image\":{\"@id\":\"https:\\\/\\\/venfilter.es\\\/pt-pt\\\/como-filtragem-de-ar-ajuda-na-descarbonizacao\\\/#primaryimage\"},\"thumbnailUrl\":\"https:\\\/\\\/venfilter.es\\\/wp-content\\\/uploads\\\/portadas-blogs-8.png\",\"datePublished\":\"2024-05-02T10:16:09+00:00\",\"dateModified\":\"2024-05-02T10:16:10+00:00\",\"author\":{\"@id\":\"https:\\\/\\\/venfilter.es\\\/pt-pt\\\/#\\\/schema\\\/person\\\/9383ae111e46f093a37eb7db0a669b50\"},\"description\":\"Descubra como a filtragem eficiente do ar \u00e9 essencial na luta contra as altera\u00e7\u00f5es clim\u00e1ticas e a import\u00e2ncia de atingir o Net Zero. Leia sobre as solu\u00e7\u00f5es inovadoras que podem melhorar a qualidade do ar e reduzir emiss\u00f5es de CO\u2082.\",\"breadcrumb\":{\"@id\":\"https:\\\/\\\/venfilter.es\\\/pt-pt\\\/como-filtragem-de-ar-ajuda-na-descarbonizacao\\\/#breadcrumb\"},\"inLanguage\":\"pt-PT\",\"potentialAction\":[{\"@type\":\"ReadAction\",\"target\":[\"https:\\\/\\\/venfilter.es\\\/pt-pt\\\/como-filtragem-de-ar-ajuda-na-descarbonizacao\\\/\"]}]},{\"@type\":\"ImageObject\",\"inLanguage\":\"pt-PT\",\"@id\":\"https:\\\/\\\/venfilter.es\\\/pt-pt\\\/como-filtragem-de-ar-ajuda-na-descarbonizacao\\\/#primaryimage\",\"url\":\"https:\\\/\\\/venfilter.es\\\/wp-content\\\/uploads\\\/portadas-blogs-8.png\",\"contentUrl\":\"https:\\\/\\\/venfilter.es\\\/wp-content\\\/uploads\\\/portadas-blogs-8.png\",\"width\":600,\"height\":400},{\"@type\":\"BreadcrumbList\",\"@id\":\"https:\\\/\\\/venfilter.es\\\/pt-pt\\\/como-filtragem-de-ar-ajuda-na-descarbonizacao\\\/#breadcrumb\",\"itemListElement\":[{\"@type\":\"ListItem\",\"position\":1,\"name\":\"Portada\",\"item\":\"https:\\\/\\\/venfilter.es\\\/pt-pt\\\/\"},{\"@type\":\"ListItem\",\"position\":2,\"name\":\"Descarboniza\u00e7\u00e3o e filtragem da ar, estrat\u00e9gias para atingir o Net Zero\"}]},{\"@type\":\"WebSite\",\"@id\":\"https:\\\/\\\/venfilter.es\\\/pt-pt\\\/#website\",\"url\":\"https:\\\/\\\/venfilter.es\\\/pt-pt\\\/\",\"name\":\"Venfilter\",\"description\":\"Filtros de aire y ventilaci\u00f3n industrial\",\"potentialAction\":[{\"@type\":\"SearchAction\",\"target\":{\"@type\":\"EntryPoint\",\"urlTemplate\":\"https:\\\/\\\/venfilter.es\\\/pt-pt\\\/?s={search_term_string}\"},\"query-input\":{\"@type\":\"PropertyValueSpecification\",\"valueRequired\":true,\"valueName\":\"search_term_string\"}}],\"inLanguage\":\"pt-PT\"},{\"@type\":\"Person\",\"@id\":\"https:\\\/\\\/venfilter.es\\\/pt-pt\\\/#\\\/schema\\\/person\\\/9383ae111e46f093a37eb7db0a669b50\",\"name\":\"comunicacion\",\"image\":{\"@type\":\"ImageObject\",\"inLanguage\":\"pt-PT\",\"@id\":\"https:\\\/\\\/secure.gravatar.com\\\/avatar\\\/a465ed612104fea4e61494dc488e1b453a84f0f9594b4c84b0153f0bee871b8c?s=96&d=mm&r=g\",\"url\":\"https:\\\/\\\/secure.gravatar.com\\\/avatar\\\/a465ed612104fea4e61494dc488e1b453a84f0f9594b4c84b0153f0bee871b8c?s=96&d=mm&r=g\",\"contentUrl\":\"https:\\\/\\\/secure.gravatar.com\\\/avatar\\\/a465ed612104fea4e61494dc488e1b453a84f0f9594b4c84b0153f0bee871b8c?s=96&d=mm&r=g\",\"caption\":\"comunicacion\"}}]}<\/script>\n<!-- \/ Yoast SEO plugin. -->","yoast_head_json":{"title":"Descarboniza\u00e7\u00e3o e filtragem, estrat\u00e9gias para atingir o Net Zero","description":"Descubra como a filtragem eficiente do ar \u00e9 essencial na luta contra as altera\u00e7\u00f5es clim\u00e1ticas e a import\u00e2ncia de atingir o Net Zero. Leia sobre as solu\u00e7\u00f5es inovadoras que podem melhorar a qualidade do ar e reduzir emiss\u00f5es de CO\u2082.","robots":{"index":"index","follow":"follow","max-snippet":"max-snippet:-1","max-image-preview":"max-image-preview:large","max-video-preview":"max-video-preview:-1"},"canonical":"https:\/\/venfilter.es\/pt-pt\/como-filtragem-de-ar-ajuda-na-descarbonizacao\/","og_locale":"pt_PT","og_type":"article","og_title":"Descarboniza\u00e7\u00e3o e filtragem, estrat\u00e9gias para atingir o Net Zero","og_description":"Descubra como a filtragem eficiente do ar \u00e9 essencial na luta contra as altera\u00e7\u00f5es clim\u00e1ticas e a import\u00e2ncia de atingir o Net Zero. Leia sobre as solu\u00e7\u00f5es inovadoras que podem melhorar a qualidade do ar e reduzir emiss\u00f5es de CO\u2082.","og_url":"https:\/\/venfilter.es\/pt-pt\/como-filtragem-de-ar-ajuda-na-descarbonizacao\/","og_site_name":"Venfilter","article_published_time":"2024-05-02T10:16:09+00:00","article_modified_time":"2024-05-02T10:16:10+00:00","og_image":[{"width":600,"height":400,"url":"https:\/\/venfilter.es\/wp-content\/uploads\/portadas-blogs-8.png","type":"image\/png"}],"author":"comunicacion","twitter_card":"summary_large_image","twitter_misc":{"Escrito por":"comunicacion","Tempo estimado de leitura":"8 minutos"},"schema":{"@context":"https:\/\/schema.org","@graph":[{"@type":"Article","@id":"https:\/\/venfilter.es\/pt-pt\/como-filtragem-de-ar-ajuda-na-descarbonizacao\/#article","isPartOf":{"@id":"https:\/\/venfilter.es\/pt-pt\/como-filtragem-de-ar-ajuda-na-descarbonizacao\/"},"author":{"name":"comunicacion","@id":"https:\/\/venfilter.es\/pt-pt\/#\/schema\/person\/9383ae111e46f093a37eb7db0a669b50"},"headline":"Descarboniza\u00e7\u00e3o e filtragem da ar, estrat\u00e9gias para atingir o Net Zero","datePublished":"2024-05-02T10:16:09+00:00","dateModified":"2024-05-02T10:16:10+00:00","mainEntityOfPage":{"@id":"https:\/\/venfilter.es\/pt-pt\/como-filtragem-de-ar-ajuda-na-descarbonizacao\/"},"wordCount":1543,"commentCount":0,"image":{"@id":"https:\/\/venfilter.es\/pt-pt\/como-filtragem-de-ar-ajuda-na-descarbonizacao\/#primaryimage"},"thumbnailUrl":"https:\/\/venfilter.es\/wp-content\/uploads\/portadas-blogs-8.png","keywords":["efici\u00eancia energ\u00e9tica","net zero","filtros de ar eficientes.","descarboniza\u00e7\u00e3o","altera\u00e7\u00f5es clim\u00e1ticas","CO2","ed\u00edficio","filtragem da ar"],"articleSection":["efici\u00eancia energ\u00e9tica"],"inLanguage":"pt-PT","potentialAction":[{"@type":"CommentAction","name":"Comment","target":["https:\/\/venfilter.es\/pt-pt\/como-filtragem-de-ar-ajuda-na-descarbonizacao\/#respond"]}]},{"@type":"WebPage","@id":"https:\/\/venfilter.es\/pt-pt\/como-filtragem-de-ar-ajuda-na-descarbonizacao\/","url":"https:\/\/venfilter.es\/pt-pt\/como-filtragem-de-ar-ajuda-na-descarbonizacao\/","name":"Descarboniza\u00e7\u00e3o e filtragem, estrat\u00e9gias para atingir o Net Zero","isPartOf":{"@id":"https:\/\/venfilter.es\/pt-pt\/#website"},"primaryImageOfPage":{"@id":"https:\/\/venfilter.es\/pt-pt\/como-filtragem-de-ar-ajuda-na-descarbonizacao\/#primaryimage"},"image":{"@id":"https:\/\/venfilter.es\/pt-pt\/como-filtragem-de-ar-ajuda-na-descarbonizacao\/#primaryimage"},"thumbnailUrl":"https:\/\/venfilter.es\/wp-content\/uploads\/portadas-blogs-8.png","datePublished":"2024-05-02T10:16:09+00:00","dateModified":"2024-05-02T10:16:10+00:00","author":{"@id":"https:\/\/venfilter.es\/pt-pt\/#\/schema\/person\/9383ae111e46f093a37eb7db0a669b50"},"description":"Descubra como a filtragem eficiente do ar \u00e9 essencial na luta contra as altera\u00e7\u00f5es clim\u00e1ticas e a import\u00e2ncia de atingir o Net Zero. Leia sobre as solu\u00e7\u00f5es inovadoras que podem melhorar a qualidade do ar e reduzir emiss\u00f5es de CO\u2082.","breadcrumb":{"@id":"https:\/\/venfilter.es\/pt-pt\/como-filtragem-de-ar-ajuda-na-descarbonizacao\/#breadcrumb"},"inLanguage":"pt-PT","potentialAction":[{"@type":"ReadAction","target":["https:\/\/venfilter.es\/pt-pt\/como-filtragem-de-ar-ajuda-na-descarbonizacao\/"]}]},{"@type":"ImageObject","inLanguage":"pt-PT","@id":"https:\/\/venfilter.es\/pt-pt\/como-filtragem-de-ar-ajuda-na-descarbonizacao\/#primaryimage","url":"https:\/\/venfilter.es\/wp-content\/uploads\/portadas-blogs-8.png","contentUrl":"https:\/\/venfilter.es\/wp-content\/uploads\/portadas-blogs-8.png","width":600,"height":400},{"@type":"BreadcrumbList","@id":"https:\/\/venfilter.es\/pt-pt\/como-filtragem-de-ar-ajuda-na-descarbonizacao\/#breadcrumb","itemListElement":[{"@type":"ListItem","position":1,"name":"Portada","item":"https:\/\/venfilter.es\/pt-pt\/"},{"@type":"ListItem","position":2,"name":"Descarboniza\u00e7\u00e3o e filtragem da ar, estrat\u00e9gias para atingir o Net Zero"}]},{"@type":"WebSite","@id":"https:\/\/venfilter.es\/pt-pt\/#website","url":"https:\/\/venfilter.es\/pt-pt\/","name":"Venfilter","description":"Filtros de aire y ventilaci\u00f3n industrial","potentialAction":[{"@type":"SearchAction","target":{"@type":"EntryPoint","urlTemplate":"https:\/\/venfilter.es\/pt-pt\/?s={search_term_string}"},"query-input":{"@type":"PropertyValueSpecification","valueRequired":true,"valueName":"search_term_string"}}],"inLanguage":"pt-PT"},{"@type":"Person","@id":"https:\/\/venfilter.es\/pt-pt\/#\/schema\/person\/9383ae111e46f093a37eb7db0a669b50","name":"comunicacion","image":{"@type":"ImageObject","inLanguage":"pt-PT","@id":"https:\/\/secure.gravatar.com\/avatar\/a465ed612104fea4e61494dc488e1b453a84f0f9594b4c84b0153f0bee871b8c?s=96&d=mm&r=g","url":"https:\/\/secure.gravatar.com\/avatar\/a465ed612104fea4e61494dc488e1b453a84f0f9594b4c84b0153f0bee871b8c?s=96&d=mm&r=g","contentUrl":"https:\/\/secure.gravatar.com\/avatar\/a465ed612104fea4e61494dc488e1b453a84f0f9594b4c84b0153f0bee871b8c?s=96&d=mm&r=g","caption":"comunicacion"}}]}},"_links":{"self":[{"href":"https:\/\/venfilter.es\/pt-pt\/wp-json\/wp\/v2\/posts\/45804","targetHints":{"allow":["GET"]}}],"collection":[{"href":"https:\/\/venfilter.es\/pt-pt\/wp-json\/wp\/v2\/posts"}],"about":[{"href":"https:\/\/venfilter.es\/pt-pt\/wp-json\/wp\/v2\/types\/post"}],"author":[{"embeddable":true,"href":"https:\/\/venfilter.es\/pt-pt\/wp-json\/wp\/v2\/users\/4"}],"replies":[{"embeddable":true,"href":"https:\/\/venfilter.es\/pt-pt\/wp-json\/wp\/v2\/comments?post=45804"}],"version-history":[{"count":0,"href":"https:\/\/venfilter.es\/pt-pt\/wp-json\/wp\/v2\/posts\/45804\/revisions"}],"wp:featuredmedia":[{"embeddable":true,"href":"https:\/\/venfilter.es\/pt-pt\/wp-json\/wp\/v2\/media\/45690"}],"wp:attachment":[{"href":"https:\/\/venfilter.es\/pt-pt\/wp-json\/wp\/v2\/media?parent=45804"}],"wp:term":[{"taxonomy":"category","embeddable":true,"href":"https:\/\/venfilter.es\/pt-pt\/wp-json\/wp\/v2\/categories?post=45804"},{"taxonomy":"post_tag","embeddable":true,"href":"https:\/\/venfilter.es\/pt-pt\/wp-json\/wp\/v2\/tags?post=45804"}],"curies":[{"name":"wp","href":"https:\/\/api.w.org\/{rel}","templated":true}]}}